{"id":829,"date":"2017-05-06T19:09:20","date_gmt":"2017-05-06T19:09:20","guid":{"rendered":"https:\/\/artefinalhq.com.br\/wp\/?p=829"},"modified":"2017-05-09T13:39:15","modified_gmt":"2017-05-09T13:39:15","slug":"ccxp-2016-parte-2-os-convidados-internacionais","status":"publish","type":"post","link":"https:\/\/artefinalhq.com.br\/wp\/2017\/05\/06\/ccxp-2016-parte-2-os-convidados-internacionais\/","title":{"rendered":"CCXP 2016 Parte 2: os convidados internacionais"},"content":{"rendered":"<p style=\"text-align: justify;\"><span style=\"color: #000000; font-size: 12pt; font-family: tahoma, arial, helvetica, sans-serif;\">Segue nosso relato, n\u00e3o sobre o que vimos de melhor (at\u00e9 porque tinha muita coisa massa), mas, sim, sobre o que lembramos do <em>artists&#8217; alley<\/em>, o cora\u00e7\u00e3o da <strong>CCXP<\/strong>.\u00a0Assim que chegamos no local, na quinta-feira, demos logo de cara com <b>Jae Lee<\/b> e a <b>June Chung<\/b>. Ap\u00f3s o cancelamento na CCXP 2015, o casal mostrou-se simp\u00e1tico e sol\u00edcito. Antederam aos f\u00e3s, tiraram fotos e venderam seus bel\u00edssimos <em>prints<\/em>. Para aqueles que queriam\u00a0<em>sketches<\/em> &#8220;elaborados&#8221;, mas sem gastar nenhum tost\u00e3o, Jae Lee n\u00e3o fazia muita cerim\u00f4nia: deve ter sido o\u00a0<em>sketch<\/em> mais r\u00e1pido que vimos na vida (ficamos at\u00e9 com d\u00favida se era um aut\u00f3grafo ou um <em>sketch<\/em>). Aos que desembolsaram e JUSTAMENTE pagaram pelo trabalho do casal, ganharam desenhos lind\u00edssimos. Sensacional v\u00ea-los em a\u00e7\u00e3o ao vivo.<\/span><\/p>\n<p><img loading=\"lazy\" decoding=\"async\" class=\"aligncenter\" title=\"\" src=\"https:\/\/artefinalhq.com.br\/wp\/wp-content\/uploads\/2017\/05\/CCXP16-15.jpg\" alt=\"\" width=\"700\" height=\"525\" \/><\/p>\n<p style=\"text-align: justify;\"><span style=\"color: #000000; font-size: 12pt; font-family: tahoma, arial, helvetica, sans-serif;\">Ap\u00f3s\u00a0Jae Lee\u00a0concluir um\u00a0desenho, June Chung coloria logo em seguida; e, mais uma vez, \u00e9 impressionante v\u00ea-la trabalhando, ainda que de forma r\u00e1pida, ali, rodeada de f\u00e3s. Mesmo nessas condi\u00e7\u00f5es, o trabalho final ficava incr\u00edvel (pra dizer o m\u00ednimo), deixando todo mundo de boca aberta. Por fim, vale um registro que presenciamos:\u00a0Lee\u00a0\u00e9 t\u00e3o simp\u00e1tico, que at\u00e9 assinou a capa de um <strong><i>Cavaleiro das Trevas<\/i><\/strong>\u00a0(Edi\u00e7\u00e3o Definitiva da Panini) para um jovem (ele n\u00e3o tinha nem 15 anos), mesmo avisando ao f\u00e3 que aquela arte foi feita por <b>Frank Miller<\/b>\u00a0e n\u00e3o por ele. Ao menos, o cara saiu de l\u00e1 feliz\u00e3o e fodam-se os especuladores e os especialistas.<\/span><\/p>\n<p>&nbsp;<\/p>\n<p><img loading=\"lazy\" decoding=\"async\" class=\"aligncenter\" title=\"\" src=\"https:\/\/artefinalhq.com.br\/wp\/wp-content\/uploads\/2017\/05\/CCXP16-16.jpg\" alt=\"\" width=\"700\" height=\"504\" \/><br \/>\n<span style=\"color: #000000; font-size: 12pt; font-family: tahoma, arial, helvetica, sans-serif;\">Se o casal Lee &amp; Chung\u00a0deu um show de simpatia, o mesmo n\u00e3o podemos dizer da lenda brit\u00e2nica <b>Alan Davis<\/b>. N\u00e3o conversou com quase ningu\u00e9m (nem sequer parou e ouviu os f\u00e3s) e assinava quase de m\u00e1 vontade. Foto? N\u00e3o era f\u00e1cil. Enquanto voc\u00ea pedia por uma, ele adiantava a fila e j\u00e1 pegava o pr\u00f3ximo trabalho para autografar, deixando voc\u00ea com cara de tacho. Contra aqueles folgados sem no\u00e7\u00e3o (que chega com pilhas de gibis), limitou os aut\u00f3grafos\u00a0a, no m\u00e1ximo, dois exemplares. Nada de trazer toda sua cole\u00e7\u00e3o de <em><b>Excalibur<\/b><\/em>! (Apesar de antip\u00e1tico, apoiamos essa medida. Tem f\u00e3 que n\u00e3o se toca mesmo.) Enfim, a reclama\u00e7\u00e3o foi geral (at\u00e9 a mulher do <em>staff<\/em> que o acompanhava me confidenciou que ele \u00e9 muito chato) e o resultado foram filas cada vez menores. Entre as pessoas que conversamos, apenas uns dois n\u00e3o reclamaram do Davis.<\/span><br \/>\n<img loading=\"lazy\" decoding=\"async\" class=\"aligncenter\" title=\"\" src=\"https:\/\/artefinalhq.com.br\/wp\/wp-content\/uploads\/2017\/05\/CCXP16-17.jpg\" alt=\"\" width=\"600\" height=\"656\" \/><\/p>\n<p style=\"text-align: justify;\"><span style=\"color: #000000; font-size: 12pt; font-family: tahoma, arial, helvetica, sans-serif;\">Por sorte, Davis foi a exce\u00e7\u00e3o. Seu companheiro de longa data, <b>Mark Farmer<\/b>, \u00e9 a simpatia em pessoa. Divertido, sempre te recebia com um sorriso no rosto. Tirou fotos divertid\u00edssimas e quase n\u00e3o devolve a edi\u00e7\u00e3o que levei para ele autografar de <strong><i>Legi\u00e3o do\u00a0<\/i><i>Superboy<\/i><\/strong>. Disse-nos que adora o Superboy\u00a0(o que vale, claro, e n\u00e3o o merd\u00e3o do Connor Kent)! COMO N\u00c3O AMAR?! Al\u00e9m de aut\u00f3grafos e fotografias, ele estava vendendo uns desenhos feitos ali, na hora. Esquema esperto da dupla: voc\u00ea compra o desenho do\u00a0Alan Davis e depois ia pra mesa ao lado, pro Farmer arte-finalizar ali na sua frente (pagando, \u00e9 claro. Os caras n\u00e3o s\u00e3o ONGs ambulantes).<\/span><\/p>\n<p>&nbsp;<\/p>\n<p style=\"text-align: justify;\"><img loading=\"lazy\" decoding=\"async\" class=\"aligncenter\" title=\"\" src=\"https:\/\/artefinalhq.com.br\/wp\/wp-content\/uploads\/2017\/05\/CCXP16-18.jpg\" alt=\"\" width=\"700\" height=\"525\" \/><\/p>\n<p>&nbsp;<\/p>\n<p style=\"text-align: justify;\"><span style=\"color: #000000; font-size: 12pt; font-family: tahoma, arial, helvetica, sans-serif;\">E o que falar dos <em>prints<\/em> do <b>Yanick Paquette<\/b>? F\u00e3s se aglomeravam em frente \u00e0 sua mesa para ver o trabalho do cara, pegar aut\u00f3grafos\u00a0e tirar fotos. Simp\u00e1tico, ficou folheando um exemplar de <strong><i>Dark<\/i><\/strong>\u00a0que levamos, admirado com o formato; mostramos a ele que seu\u00a0Monstro do P\u00e2ntano\u00a0era a \u00faltima hist\u00f3ria. N\u00e3o faltaram edi\u00e7\u00f5es de <strong><i>Mulher-Maravilha: Terra Um<\/i><\/strong> pro cara assinar. Falando nisso, sejamos justos: a\u00a0Panini\u00a0conseguiu lan\u00e7ar esse encadernado a tempo, aproveitando a vinda do cara ao Brasil (na fila do caixa do <em>stand<\/em> da editora, sempre tinha gente com um exemplar). N\u00e3o deve ser muito dif\u00edcil ganhar dinheiro assim, n\u00e9? Basta um planejamento m\u00ednimo, Panini. M\u00ednimo.<\/span><\/p>\n<p>&nbsp;<\/p>\n<p style=\"text-align: justify;\"><img loading=\"lazy\" decoding=\"async\" class=\"aligncenter\" title=\"\" src=\"https:\/\/artefinalhq.com.br\/wp\/wp-content\/uploads\/2017\/05\/CCXP16-19.jpg\" alt=\"\" width=\"700\" height=\"398\" \/><\/p>\n<p>&nbsp;<\/p>\n<p style=\"text-align: justify;\"><span style=\"color: #000000; font-size: 12pt; font-family: tahoma, arial, helvetica, sans-serif;\"><b>Peter Kuper<\/b>\u00a0estava autografando seu novo trabalho, <strong><i>Ru\u00ednas<\/i><\/strong>, lan\u00e7ado aqui pela\u00a0Marsupial Editora, e o que mais os f\u00e3s levassem (vi pouca gente com <strong><i>Pau e Pedra<\/i><\/strong>, lan\u00e7ado aqui pela\u00a0Quadrinhos na Cia). Atencioso e bem calado, deve ter sido o aut\u00f3grafo mais lindo do evento. Usando aqueles l\u00e1pis coloridos que tem uma \u00fanica ponta, o cara fazia uma esp\u00e9cie de <em>sketch<\/em> lind\u00edssimo, que compensava toda a demora da fila. Havia tamb\u00e9m uma pasta, onde ele estava vendendo uns originais de <strong><i>Spy vs. Spy<\/i><\/strong>, mas \u00e9 melhor voc\u00ea nem perguntar pelo pre\u00e7o&#8230;<\/span><\/p>\n<p>&nbsp;<\/p>\n<p style=\"text-align: justify;\"><img loading=\"lazy\" decoding=\"async\" class=\"aligncenter\" title=\"\" src=\"https:\/\/artefinalhq.com.br\/wp\/wp-content\/uploads\/2017\/05\/CCXP16-20.jpg\" alt=\"\" width=\"700\" height=\"525\" \/><\/p>\n<p>&nbsp;<\/p>\n<p style=\"text-align: justify;\"><span style=\"color: #000000; font-size: 12pt; font-family: tahoma, arial, helvetica, sans-serif;\">Um pouco mais tarde, apareceu por l\u00e1 o\u00a0<b>Mahmud Asrar<\/b>. Gente boa, tinha uns <em>prints<\/em> MASSA PRA CARALHO! Se voc\u00ea ainda n\u00e3o conhece a arte do cara, a fase dele nos Vingadores (escrito pelo <b>Mark Waid<\/b>) j\u00e1 est\u00e1 saindo\u00a0aqui no Brasil (intercalado com desenhos do\u00a0<b>Adam Kubert<\/b>). Leia sem medo (<a href=\"https:\/\/artefinalhq.com.br\/wp\/2017\/04\/26\/4-motivos-pra-voce-continuar-comprando-a-mensal-dos-vingadores\/\" target=\"_blank\" rel=\"noopener noreferrer\">aqui<\/a> listamos quatro bons motivos). Muito simp\u00e1tico, falava com todos, ainda que n\u00e3o houvesse muita procura em sua mesa.<\/span><\/p>\n<p>&nbsp;<\/p>\n<p style=\"text-align: justify;\"><img loading=\"lazy\" decoding=\"async\" class=\"aligncenter\" title=\"\" src=\"https:\/\/artefinalhq.com.br\/wp\/wp-content\/uploads\/2017\/05\/CCXP16-21.jpg\" alt=\"\" width=\"700\" height=\"525\" \/><\/p>\n<p>&nbsp;<\/p>\n<p style=\"text-align: justify;\"><span style=\"color: #000000; font-size: 12pt; font-family: tahoma, arial, helvetica, sans-serif;\">Outro estranhamente bem pouco procurado pelos f\u00e3s brasileiros foi o argentino <b>Ariel Olivetti<\/b>. Simpatic\u00edssimo, atendia a todos com aquele\u00a0sorriso no rosto e estava vendendo uns <em>prints<\/em> que eram a coisa mais linda do mundo, como n\u00e3o poderia deixar de ser. A mesa estava vazia, mas de longe a impress\u00e3o era outra: parecia que a fila para ele era intermin\u00e1vel. O motivo \u00e9 simples: sabe quem estava na mesa ao lado? Isso mesmo, o seu conterr\u00e2neo.<\/span><\/p>\n<p>&nbsp;<\/p>\n<p style=\"text-align: justify;\"><img loading=\"lazy\" decoding=\"async\" class=\"aligncenter\" title=\"\" src=\"https:\/\/artefinalhq.com.br\/wp\/wp-content\/uploads\/2017\/05\/CCXP16-22.jpg\" alt=\"\" width=\"700\" height=\"525\" \/><\/p>\n<p>&nbsp;<\/p>\n<p style=\"text-align: justify;\"><span style=\"color: #000000; font-size: 12pt; font-family: tahoma, arial, helvetica, sans-serif;\"><b>Eduardo Risso<\/b> s\u00f3 apareceu na sexta-feira, deixando v\u00e1rios f\u00e3s ansiosos e apreensivos (teve um momento que passamos na mesa dele, vazia, e um f\u00e3 estava pra l\u00e1 de nervoso. J\u00e1 havia esperado durante toda quinta-feira e na sexta, j\u00e1 havia passado das 10h e nada do Risso aparecer. O cara tava quase desesperado). As filas imensas mostram todo o prest\u00edgio que o argentino tem entre os brasileiros. A imagem n\u00e3o ajuda, mas veja esses <em>prints<\/em> que ele estava vendendo l\u00e1 a troco de p\u00e3o. Se voc\u00ea comprasse dois, ainda ganhava um <em>sketch<\/em> exclusivo feito ali, na hora, na sua frente. A\u00ed j\u00e1 sabe, n\u00e9? Era melhor sentar para esperar, porque ia demorar um bocado&#8230;<\/span><\/p>\n<p>&nbsp;<\/p>\n<p style=\"text-align: justify;\"><img loading=\"lazy\" decoding=\"async\" class=\"aligncenter\" title=\"\" src=\"https:\/\/artefinalhq.com.br\/wp\/wp-content\/uploads\/2017\/05\/CCXP16-23.jpg\" alt=\"\" width=\"700\" height=\"525\" \/><\/p>\n<p>&nbsp;<\/p>\n<p style=\"text-align: justify;\"><span style=\"color: #000000; font-size: 12pt; font-family: tahoma, arial, helvetica, sans-serif;\">E o que falar da lenda <b>Simon Bisley<\/b>? Figura\u00e7a! Tirou foto com <em>cosplay<\/em> de Lobo, ganhou presentes e sempre chegava cedo. Era dos primeiros a estar por l\u00e1 todos os dias. N\u00e3o parou de desenhar um minuto, fazendo desenhos que a galera comprava ali na hora (fila imensa pra isso e uma outra s\u00f3 pros aut\u00f3grafos. Ou seja, estava atendendo todo mundo). Em um determinado momento, levantou-se e pediu licen\u00e7a. Precisava ir at\u00e9 o banheiro. Pra n\u00e3o deixar d\u00favidas, gesticulou pra onde estava indo e o que ia fazer, gerando gargalhadas gerais aos que presenciaram a cena.<\/span><\/p>\n<p>&nbsp;<\/p>\n<p style=\"text-align: justify;\"><img loading=\"lazy\" decoding=\"async\" class=\"aligncenter\" title=\"\" src=\"https:\/\/artefinalhq.com.br\/wp\/wp-content\/uploads\/2017\/05\/CCXP16-24.jpg\" alt=\"\" width=\"700\" height=\"525\" \/><\/p>\n<p>&nbsp;<\/p>\n<p style=\"text-align: justify;\"><span style=\"color: #000000; font-size: 12pt; font-family: tahoma, arial, helvetica, sans-serif;\">Ao lado do Bisley estava a mesa de <b>Paul Pope<\/b>. O artista ficou pouco tempo no local (s\u00f3 apareceu na sexta, no meio da tarde), mas enquanto ele esteve l\u00e1 foi bastante simp\u00e1tico. Estava autografando todas as edi\u00e7\u00f5es que estavam levando pra ele. Isso foi bastante importante, principalmente depois de toda a pol\u00eamica em que seu nome esteve envolvido. Mesmo depois que as acusa\u00e7\u00f5es com seu nome foram esclarecidas, ainda restava algumas d\u00favidas de como seria o comportamento dele no evento. Fora isso,\u00a0Pope adorou o Brasil: ainda ficou por aqui uns dias ap\u00f3s o evento e retornou agora, para CCXP Tour<em>.<\/em><\/span><\/p>\n<p>&nbsp;<\/p>\n<p style=\"text-align: justify;\"><img loading=\"lazy\" decoding=\"async\" class=\"aligncenter\" title=\"\" src=\"https:\/\/artefinalhq.com.br\/wp\/wp-content\/uploads\/2017\/05\/CCXP16-25.jpg\" alt=\"\" width=\"700\" height=\"525\" \/><\/p>\n<p>&nbsp;<\/p>\n<p style=\"text-align: justify;\"><span style=\"color: #000000; font-size: 12pt; font-family: tahoma, arial, helvetica, sans-serif;\">Ainda na editoria &#8220;Acho que vou me mudar para o Brasil&#8221;, outro po\u00e7o de simpatia foi o <b>Bill Sienkiewickz<\/b>. O artista j\u00e1 esteve no Brasil anteriormente para uma edi\u00e7\u00e3o do FIQ e conhecia o comportamento do p\u00fablico brasileiro. A fila dele era uma das maiores de todo o a<em>rtist&#8217;s alley<\/em>, mas todos ficavam de bom grado, pois ele atendeu muito bem os que chegaram pra pedir um aut\u00f3grafo ou um <em>sketch<\/em>. Um dos momentos mais inusitados e legais foi quando, no s\u00e1bado, o artista chegou um pouco mais tarde e a fila j\u00e1 estava grande, todos vibraram quando ele chegou na mesa e ele entrou na vibra\u00e7\u00e3o e aplaudiu junto com os f\u00e3s!<\/span><\/p>\n<p>&nbsp;<\/p>\n<p style=\"text-align: justify;\"><img loading=\"lazy\" decoding=\"async\" class=\"aligncenter\" title=\"\" src=\"https:\/\/artefinalhq.com.br\/wp\/wp-content\/uploads\/2017\/05\/CCXP16-26.jpg\" alt=\"\" width=\"700\" height=\"525\" \/><\/p>\n<p>&nbsp;<\/p>\n<p style=\"text-align: justify;\"><span style=\"color: #000000; font-size: 12pt; font-family: tahoma, arial, helvetica, sans-serif;\">Outro que esteve presente e sempre foi muito simp\u00e1tico foi o (mais um) argentino <b>Gerardo Zaffino<\/b>. Pena que a fase dele em Karnak\u00a0(escrita pelo <b>Warren Ellis<\/b>, com desenhos seus apenas nas duas primeiras edi\u00e7\u00f5es) ainda n\u00e3o chegou por aqui, por isso sua mesa n\u00e3o estava t\u00e3o movimentada quanto a de outros artistas. Os <em>prints<\/em> que o cara trouxe compensavam. O cidad\u00e3o desenha uma barbaridade. Fiquei\u00a0extremamente tentado a comprar um dos <em>prints<\/em> e tamb\u00e9m um <em>sketch<\/em> que ele estava fazendo na hora, mas sou m\u00e3o de vaca!<\/span><\/p>\n<p>&nbsp;<\/p>\n<p style=\"text-align: justify;\"><img loading=\"lazy\" decoding=\"async\" class=\"aligncenter\" title=\"\" src=\"https:\/\/artefinalhq.com.br\/wp\/wp-content\/uploads\/2017\/05\/CCXP16-27.jpg\" alt=\"\" width=\"500\" height=\"666\" \/><\/p>\n<p>&nbsp;<\/p>\n<p style=\"text-align: justify;\"><span style=\"color: #000000; font-size: 12pt; font-family: tahoma, arial, helvetica, sans-serif;\">Outro argentino (n\u00e3o perca as contas) que estava no a<em>rtists&#8217; alley<\/em> foi o <strong>Leo Fernandez<\/strong>, conhecido por sua passagem nos desenhos do Justiceiro, entre outros. Ele estava l\u00e1 a convite do Stout Club promovendo <strong><a style=\"color: #000000;\" href=\"http:\/\/www.gibiruim.com.br\/2016\/08\/far-south.html\" target=\"_blank\" rel=\"noopener noreferrer\"><em>Far South<\/em><\/a><\/strong>, lan\u00e7ada em 2015.\u00a0<\/span><span style=\"color: #000000; font-size: 12pt; font-family: tahoma, arial, helvetica, sans-serif;\">O turco <strong>Yildiray Cinar<\/strong> tamb\u00e9m esteve no evento, mas com bem pouco material \u00e0 venda e tamb\u00e9m publicado no Brasil. Ele esteve meio avulso e ficou na maior parte do tempo que esteve presente sem filas na sua mesa. Esquecemos at\u00e9 de tirar foto, n\u00e9? Parab\u00e9ns.<\/span><\/p>\n<p>&nbsp;<\/p>\n<p style=\"text-align: justify;\"><img loading=\"lazy\" decoding=\"async\" class=\"aligncenter\" title=\"\" src=\"https:\/\/artefinalhq.com.br\/wp\/wp-content\/uploads\/2017\/05\/CCXP16-29.jpg\" alt=\"\" width=\"700\" height=\"525\" \/><\/p>\n<p>&nbsp;<\/p>\n<p style=\"text-align: justify;\"><span style=\"color: #000000; font-size: 12pt; font-family: tahoma, arial, helvetica, sans-serif;\">E pra finalizar com alguma obviedade:<b> Frank Quitely<\/b> e <b>Brian Azzarello<\/b> eram os artistas mais concorridos de todo o evento, perdendo apenas para Frank Miller e <b>Maur\u00edcio de Sousa<\/b>, \u00e9 claro. Quando foram anunciados que viriam ao evento, todos tiveram a expectativa de que ficariam no <em>artists&#8217; alley<\/em>. N\u00e3o poder\u00edamos estar mais\u00a0enganados. As sess\u00f5es de aut\u00f3grafos foram no <em>stand<\/em> da Chiaroscuro e duravam apenas 1 hora por dia. Resultado: as senhas para esses aut\u00f3grafos praticamente acabavam antes mesmo da abertura do evento. Mas quem conseguiu n\u00e3o se decepcionou. Os dois foram muito simp\u00e1ticos e atenderam a todos (que tinham senha). Inclusive Brian Azzarello foi visto circulando pelo <em>artists&#8217; alley<\/em> sem ser muito incomodado.<\/span><\/p>\n<p>&nbsp;<\/p>\n<p style=\"text-align: justify;\"><img loading=\"lazy\" decoding=\"async\" class=\"aligncenter\" title=\"\" src=\"https:\/\/artefinalhq.com.br\/wp\/wp-content\/uploads\/2017\/05\/CCXP16-30.jpg\" alt=\"\" width=\"700\" height=\"525\" \/><\/p>\n<p>&nbsp;<\/p>\n<p style=\"text-align: justify;\"><span style=\"color: #000000; font-size: 12pt; font-family: tahoma, arial, helvetica, sans-serif;\">J\u00e1 do\u00a0Frank Quitely\u00a0s\u00f3 ouvimos elogios rasgados. Todo mundo l\u00e1 saiu um pouco mais f\u00e3 do cara, por causa da sua simpatia. Conversou com os f\u00e3s, tirou fotos e bateu o recorde mundial de aut\u00f3grafos em exemplares de <strong><i>Grandes Astros Superman<\/i><\/strong> encadernada. Logo cedo, na sexta, j\u00e1 tinha gente sentada na fila do cara. &#8220;Logo cedo&#8221;, entenda umas 10h e pouca da manh\u00e3! Fen\u00f4meno!\u00a0Bom, essa parte est\u00e1 ficando muito longa, ent\u00e3o, vamos termin\u00e1-la num outro post.<\/span><\/p>\n","protected":false},"excerpt":{"rendered":"<p>Segue nosso relato, n\u00e3o sobre o que vimos de melhor (at\u00e9 porque tinha muita coisa massa), mas, sim, sobre o que lembramos do artists&#8217; alley, o cora\u00e7\u00e3o da CCXP.\u00a0Assim que chegamos no local, na quinta-feira, [&hellip;]<\/p>\n","protected":false},"author":3,"featured_media":844,"comment_status":"open","ping_status":"open","sticky":false,"template":"","format":"standard","meta":{"xn-wppe-expiration":[],"xn-wppe-expiration-action":[],"xn-wppe-expiration-prefix":[],"_jetpack_memberships_contains_paid_content":false,"footnotes":""},"categories":[33],"tags":[149,150,151,162,140,152,161,97,153,34,154,155,89,156,157,158,159,160],"class_list":["post-829","post","type-post","status-publish","format-standard","has-post-thumbnail","hentry","category-especial","tag-alan-davis","tag-ariel-olivetti","tag-bill-sienkiewicz","tag-brian-azzarello","tag-ccxp","tag-eduardo-risso","tag-frank-quitely","tag-gerardo-zaffino","tag-jae-lee","tag-jbc","tag-june-chung","tag-leandro-fernandez","tag-mahmud-asrar","tag-mark-farmer","tag-paul-pope","tag-peter-kuper","tag-simon-bisley","tag-yanick-paquette"],"jetpack_featured_media_url":"https:\/\/artefinalhq.com.br\/wp\/wp-content\/uploads\/2017\/05\/CCXP16-logoaa.png","jetpack_sharing_enabled":true,"_links":{"self":[{"href":"https:\/\/artefinalhq.com.br\/wp\/wp-json\/wp\/v2\/posts\/829","targetHints":{"allow":["GET"]}}],"collection":[{"href":"https:\/\/artefinalhq.com.br\/wp\/wp-json\/wp\/v2\/posts"}],"about":[{"href":"https:\/\/artefinalhq.com.br\/wp\/wp-json\/wp\/v2\/types\/post"}],"author":[{"embeddable":true,"href":"https:\/\/artefinalhq.com.br\/wp\/wp-json\/wp\/v2\/users\/3"}],"replies":[{"embeddable":true,"href":"https:\/\/artefinalhq.com.br\/wp\/wp-json\/wp\/v2\/comments?post=829"}],"version-history":[{"count":17,"href":"https:\/\/artefinalhq.com.br\/wp\/wp-json\/wp\/v2\/posts\/829\/revisions"}],"predecessor-version":[{"id":1095,"href":"https:\/\/artefinalhq.com.br\/wp\/wp-json\/wp\/v2\/posts\/829\/revisions\/1095"}],"wp:featuredmedia":[{"embeddable":true,"href":"https:\/\/artefinalhq.com.br\/wp\/wp-json\/wp\/v2\/media\/844"}],"wp:attachment":[{"href":"https:\/\/artefinalhq.com.br\/wp\/wp-json\/wp\/v2\/media?parent=829"}],"wp:term":[{"taxonomy":"category","embeddable":true,"href":"https:\/\/artefinalhq.com.br\/wp\/wp-json\/wp\/v2\/categories?post=829"},{"taxonomy":"post_tag","embeddable":true,"href":"https:\/\/artefinalhq.com.br\/wp\/wp-json\/wp\/v2\/tags?post=829"}],"curies":[{"name":"wp","href":"https:\/\/api.w.org\/{rel}","templated":true}]}}